{"id":2727,"date":"2019-06-12T14:29:32","date_gmt":"2019-06-12T19:29:32","guid":{"rendered":"https:\/\/restruct-lgmd-2021.pantheonsite.io\/?p=2727"},"modified":"2019-06-12T14:29:32","modified_gmt":"2019-06-12T19:29:32","slug":"individual-with-lgmd-jillena","status":"publish","type":"post","link":"https:\/\/www.lgmd-info.org\/it\/individuals-with-lgmd-interviews\/2019\/06\/12\/individual-with-lgmd-jillena\/","title":{"rendered":"INDIVIDUO CON LGMD: Jillena"},"content":{"rendered":"<figure class=\"wp-block-image\"><img decoding=\"async\" src=\"data:image\/svg+xml,%3Csvg%20xmlns%3D%27http%3A%2F%2Fwww.w3.org%2F2000%2Fsvg%27%20width%3D%271024%27%20height%3D%27576%27%20viewBox%3D%270%200%201024%20576%27%3E%3Crect%20width%3D%271024%27%20height%3D%27576%27%20fill-opacity%3D%220%22%2F%3E%3C%2Fsvg%3E\" data-orig-src=\"https:\/\/www.lgmd-info.org\/wp-content\/uploads\/2019\/06\/LGMD2A-Jillena-1024x576.png\" alt=\"\" class=\"lazyload wp-image-2728\"\/><\/figure>\n\n\n\n<p><strong>LGMD\n\"Intervista a fuoco\"<\/strong><\/p>\n\n\n\n<p><strong>Nome<\/strong>:  Jillena\n&nbsp;<strong>Et\u00e0<\/strong>: 32 anni<\/p>\n\n\n\n<p><strong>Paese<\/strong>:  Stati Uniti\nStati Uniti<\/p>\n\n\n\n<p><strong>Sottotipo LGMD<\/strong>: LGMD2A - una forma di calpainopatia<\/p>\n\n\n\n<p><strong>A CHE ET\u00c0 \u00c8 STATA FATTA LA DIAGNOSI <\/strong>:<\/p>\n\n\n\n<p>Mi \u00e8 stata diagnosticata la LGMD all'et\u00e0 di 21 anni.\nall'et\u00e0 di 21 anni.  Poi ho ricevuto la conferma genetica\nconferma del mio sottotipo LGMD2A un paio di mesi fa.<\/p>\n\n\n\n<p><strong>QUALI SONO STATI I PRIMI SINTOMI <\/strong>:<\/p>\n\n\n\n<p>Dopo aver avuto il mio secondo figlio, ho cominciato a notare che\nche le scale diventavano difficili per me. In effetti, le salivo strisciando. I\nscoliosi, quindi ho attribuito la mia difficolt\u00e0 a fare le scale alla scoliosi.\nPoi, per\u00f2, ho avuto il secondo figlio e non riuscivo a sollevare la gamba sul marciapiede.\nfacilmente.  Inoltre, sono sempre stata magra e\nnon ho mai saputo il perch\u00e9. Mia madre temeva che ci fosse qualcosa che non andava e mi convinse a rivolgermi a un medico.\nmedico.<\/p>\n\n\n\n<p><strong>HA ALTRI FAMILIARI CHE\nHANNO LA LGMD:<\/strong><\/p>\n\n\n\n<p>A nessun altro nella mia famiglia \u00e8 stata diagnosticata la LGMD, ma mia madre aveva un fratello che viveva con una disabilit\u00e0 fisica.  Crediamo che avesse la distrofia muscolare di Duchenne.<\/p>\n\n\n\n<p><strong>QUALI SONO, SECONDO LEI, LE MAGGIORI\nSFIDE NEL VIVERE CON LA LGMD <\/strong>:<\/p>\n\n\n\n<p>La prima cosa \u00e8 la lotta che la mia famiglia deve affrontare, cosa che non farebbe se non avessi questa malattia.\nse non avessi questa malattia. La seconda \u00e8 il fatto che non posso pi\u00f9 andare, andare, andare come prima.\ncome facevo prima. Le mie braccia e le mie gambe sono pi\u00f9 deboli e questo mi rende faticoso fare molte cose.<\/p>\n\n\n\n<p><strong>QUAL \u00c8 IL SUO PI\u00d9 GRANDE RISULTATO <\/strong>:<\/p>\n\n\n\n<p>Il mio pi\u00f9 grande risultato \u00e8 il mio pi\u00f9 recente cambiamento di atteggiamento.   I\nmi sono resa conto che essere negativa nei confronti della mia malattia e del mio destino non aiutava nessuno.  Non solo ho deciso di vivere la vita guardando\nun altro paio di occhiali, ma ho anche deciso di condividere questi occhiali con il mondo\nocchiali con il mondo attraverso il mio percorso di vita su una pagina Facebook che ho creato.<\/p>\n\n\n\n<p><strong>COME LA LGMD L'HA INFLUENZATA NEL\nNEL DIVENTARE LA PERSONA CHE SIETE OGGI:<\/strong><\/p>\n\n\n\n<p>Una volta accettato che avevo questa malattia\ne che non dovevo essere infelice, ho creato una pagina su Facebook.  Ho iniziato a dare consigli su come essere\npositivo. Da allora \u00e8 diventato molto di pi\u00f9. Ora ho cos\u00ec tanti amici su Facebook\nche sono diventati un fantastico sistema di supporto. Inoltre, ho condiviso la mia storia durante un discorso per la raccolta fondi Shamrock\nper la raccolta fondi per la MDA.  Sono sbocciata\nin una persona che vuole solo che tutti vedano il loro valore! Dieci anni fa, non mi importava\nnon mi importava di me stessa, figuriamoci di qualcun altro.<\/p>\n\n\n\n<p><strong>COSA VOLETE CHE IL MONDO SAPPIA\nSULLA LGMD <\/strong>:<\/p>\n\n\n\n<p>Voglio che il mondo sappia che la LGMD \u00e8 una malattia estremamente difficile da affrontare, per la maggior parte\nda affrontare, per la maggior parte, perch\u00e9 ti toglie l'indipendenza. Con l'avanzare dell'et\u00e0\ninvecchiare, i muscoli si indeboliscono e la mobilit\u00e0 diminuisce. Questo \u00e8 difficile,\nsoprattutto quando si hanno tre figli da portare in giro.<\/p>\n\n\n\n<p><strong>SE LA VOSTRA LGM POTESSE ESSERE \"CURATA\" DOMANI\nDOMANI, QUALE SAREBBE LA PRIMA COSA CHE VORRESTI FARE? <\/strong>:<\/p>\n\n\n\n<p>Vorrei fare un'escursione\nsulle montagne del Colorado con la mia famiglia!<\/p>\n\n\n\n<p>* * * Per leggere altre \"interviste LGMD Spotlight\" o per proporsi come volontari per una prossima intervista, visitate il nostro sito web all'indirizzo <a href=\"https:\/\/www.lgmd-info.org\/it\/spotlight-interviews\/\">https:\/\/www.lgmd-info.org\/spotlight-interviews<\/a><\/p>","protected":false},"excerpt":{"rendered":"<p>LGMD \u201cSpotlight interview\u201d Name:&nbsp; Jillena &nbsp;Age: 32 yrs. old Country: [&hellip;]<\/p>","protected":false},"author":1,"featured_media":2728,"comment_status":"closed","ping_status":"closed","sticky":false,"template":"","format":"standard","meta":{"_acf_changed":false,"footnotes":""},"categories":[13,14],"tags":[70],"class_list":["post-2727","post","type-post","status-publish","format-standard","has-post-thumbnail","hentry","category-individuals-with-lgmd-interviews","category-lgmd2a","tag-lgmd2a-calpainopathy-united-states"],"acf":[],"yoast_head":"<!-- This site is optimized with the Yoast SEO plugin v23.9 - https:\/\/yoast.com\/wordpress\/plugins\/seo\/ -->\n<title>INDIVIDUAL WITH LGMD: Jillena - LGMD Awareness Foundation<\/title>\n<meta name=\"robots\" content=\"index, follow, max-snippet:-1, max-image-preview:large, max-video-preview:-1\" \/>\n<link rel=\"canonical\" href=\"https:\/\/www.lgmd-info.org\/it\/individuals-with-lgmd-interviews\/2019\/06\/12\/individual-with-lgmd-jillena\/\" \/>\n<meta property=\"og:locale\" content=\"it_IT\" \/>\n<meta property=\"og:type\" content=\"article\" \/>\n<meta property=\"og:title\" content=\"INDIVIDUAL WITH LGMD: Jillena - LGMD Awareness Foundation\" \/>\n<meta property=\"og:description\" content=\"LGMD \u201cSpotlight interview\u201d Name:&nbsp; Jillena &nbsp;Age: 32 yrs. old Country: [&hellip;]\" \/>\n<meta property=\"og:url\" content=\"https:\/\/www.lgmd-info.org\/it\/individuals-with-lgmd-interviews\/2019\/06\/12\/individual-with-lgmd-jillena\/\" \/>\n<meta property=\"og:site_name\" content=\"LGMD Awareness Foundation\" \/>\n<meta property=\"article:publisher\" content=\"https:\/\/www.facebook.com\/LGMDawareness\/\" \/>\n<meta property=\"article:published_time\" content=\"2019-06-12T19:29:32+00:00\" \/>\n<meta property=\"og:image\" content=\"https:\/\/www.lgmd-info.org\/wp-content\/uploads\/2021\/06\/LGMD-Logo_1200X630.png\" \/>\n\t<meta property=\"og:image:width\" content=\"1200\" \/>\n\t<meta property=\"og:image:height\" content=\"630\" \/>\n\t<meta property=\"og:image:type\" content=\"image\/png\" \/>\n<meta name=\"author\" content=\"dooley\" \/>\n<meta name=\"twitter:card\" content=\"summary_large_image\" \/>\n<meta name=\"twitter:creator\" content=\"@LgmdAwareness\" \/>\n<meta name=\"twitter:site\" content=\"@LgmdAwareness\" \/>\n<meta name=\"twitter:label1\" content=\"Written by\" \/>\n\t<meta name=\"twitter:data1\" content=\"dooley\" \/>\n\t<meta name=\"twitter:label2\" content=\"Est. reading time\" \/>\n\t<meta name=\"twitter:data2\" content=\"3 minutes\" \/>\n<script type=\"application\/ld+json\" class=\"yoast-schema-graph\">{\"@context\":\"https:\/\/schema.org\",\"@graph\":[{\"@type\":\"Article\",\"@id\":\"https:\/\/www.lgmd-info.org\/individuals-with-lgmd-interviews\/2019\/06\/12\/individual-with-lgmd-jillena\/#article\",\"isPartOf\":{\"@id\":\"https:\/\/www.lgmd-info.org\/individuals-with-lgmd-interviews\/2019\/06\/12\/individual-with-lgmd-jillena\/\"},\"author\":{\"name\":\"dooley\",\"@id\":\"https:\/\/www.lgmd-info.org\/de\/#\/schema\/person\/007755074875959ad5503c1c969678c7\"},\"headline\":\"INDIVIDUAL WITH LGMD: Jillena\",\"datePublished\":\"2019-06-12T19:29:32+00:00\",\"dateModified\":\"2019-06-12T19:29:32+00:00\",\"mainEntityOfPage\":{\"@id\":\"https:\/\/www.lgmd-info.org\/individuals-with-lgmd-interviews\/2019\/06\/12\/individual-with-lgmd-jillena\/\"},\"wordCount\":550,\"publisher\":{\"@id\":\"https:\/\/www.lgmd-info.org\/de\/#organization\"},\"image\":{\"@id\":\"https:\/\/www.lgmd-info.org\/individuals-with-lgmd-interviews\/2019\/06\/12\/individual-with-lgmd-jillena\/#primaryimage\"},\"thumbnailUrl\":\"\",\"keywords\":[\"LGMD2A; Calpainopathy; United States\"],\"articleSection\":[\"Individuals with LGMD - Interviews\",\"LGMD2A\"],\"inLanguage\":\"it-IT\"},{\"@type\":\"WebPage\",\"@id\":\"https:\/\/www.lgmd-info.org\/individuals-with-lgmd-interviews\/2019\/06\/12\/individual-with-lgmd-jillena\/\",\"url\":\"https:\/\/www.lgmd-info.org\/individuals-with-lgmd-interviews\/2019\/06\/12\/individual-with-lgmd-jillena\/\",\"name\":\"INDIVIDUAL WITH LGMD: Jillena - LGMD Awareness Foundation\",\"isPartOf\":{\"@id\":\"https:\/\/www.lgmd-info.org\/de\/#website\"},\"primaryImageOfPage\":{\"@id\":\"https:\/\/www.lgmd-info.org\/individuals-with-lgmd-interviews\/2019\/06\/12\/individual-with-lgmd-jillena\/#primaryimage\"},\"image\":{\"@id\":\"https:\/\/www.lgmd-info.org\/individuals-with-lgmd-interviews\/2019\/06\/12\/individual-with-lgmd-jillena\/#primaryimage\"},\"thumbnailUrl\":\"\",\"datePublished\":\"2019-06-12T19:29:32+00:00\",\"dateModified\":\"2019-06-12T19:29:32+00:00\",\"breadcrumb\":{\"@id\":\"https:\/\/www.lgmd-info.org\/individuals-with-lgmd-interviews\/2019\/06\/12\/individual-with-lgmd-jillena\/#breadcrumb\"},\"inLanguage\":\"it-IT\",\"potentialAction\":[{\"@type\":\"ReadAction\",\"target\":[\"https:\/\/www.lgmd-info.org\/individuals-with-lgmd-interviews\/2019\/06\/12\/individual-with-lgmd-jillena\/\"]}]},{\"@type\":\"ImageObject\",\"inLanguage\":\"it-IT\",\"@id\":\"https:\/\/www.lgmd-info.org\/individuals-with-lgmd-interviews\/2019\/06\/12\/individual-with-lgmd-jillena\/#primaryimage\",\"url\":\"\",\"contentUrl\":\"\"},{\"@type\":\"BreadcrumbList\",\"@id\":\"https:\/\/www.lgmd-info.org\/individuals-with-lgmd-interviews\/2019\/06\/12\/individual-with-lgmd-jillena\/#breadcrumb\",\"itemListElement\":[{\"@type\":\"ListItem\",\"position\":1,\"name\":\"Home\",\"item\":\"https:\/\/www.lgmd-info.org\/de\/\"},{\"@type\":\"ListItem\",\"position\":2,\"name\":\"INDIVIDUAL WITH LGMD: Jillena\"}]},{\"@type\":\"WebSite\",\"@id\":\"https:\/\/www.lgmd-info.org\/de\/#website\",\"url\":\"https:\/\/www.lgmd-info.org\/de\/\",\"name\":\"LGMD Awareness Foundation\",\"description\":\"Information Hub for the LGMD community\",\"publisher\":{\"@id\":\"https:\/\/www.lgmd-info.org\/de\/#organization\"},\"potentialAction\":[{\"@type\":\"SearchAction\",\"target\":{\"@type\":\"EntryPoint\",\"urlTemplate\":\"https:\/\/www.lgmd-info.org\/de\/?s={search_term_string}\"},\"query-input\":{\"@type\":\"PropertyValueSpecification\",\"valueRequired\":true,\"valueName\":\"search_term_string\"}}],\"inLanguage\":\"it-IT\"},{\"@type\":\"Organization\",\"@id\":\"https:\/\/www.lgmd-info.org\/de\/#organization\",\"name\":\"LGMD Awareness Foundation, Inc.\",\"url\":\"https:\/\/www.lgmd-info.org\/de\/\",\"logo\":{\"@type\":\"ImageObject\",\"inLanguage\":\"it-IT\",\"@id\":\"https:\/\/www.lgmd-info.org\/de\/#\/schema\/logo\/image\/\",\"url\":\"https:\/\/lgmd-info.org\/wp-content\/uploads\/2021\/02\/LGMD_Logo.png\",\"contentUrl\":\"https:\/\/lgmd-info.org\/wp-content\/uploads\/2021\/02\/LGMD_Logo.png\",\"width\":208,\"height\":61,\"caption\":\"LGMD Awareness Foundation, Inc.\"},\"image\":{\"@id\":\"https:\/\/www.lgmd-info.org\/de\/#\/schema\/logo\/image\/\"},\"sameAs\":[\"https:\/\/www.facebook.com\/LGMDawareness\/\",\"https:\/\/x.com\/LgmdAwareness\",\"https:\/\/www.instagram.com\/lgmdawareness\/\"]},{\"@type\":\"Person\",\"@id\":\"https:\/\/www.lgmd-info.org\/de\/#\/schema\/person\/007755074875959ad5503c1c969678c7\",\"name\":\"dooley\",\"image\":{\"@type\":\"ImageObject\",\"inLanguage\":\"it-IT\",\"@id\":\"https:\/\/www.lgmd-info.org\/de\/#\/schema\/person\/image\/\",\"url\":\"https:\/\/secure.gravatar.com\/avatar\/c87b3b784fd4c1975884b6c3eab282b5?s=96&d=mm&r=g\",\"contentUrl\":\"https:\/\/secure.gravatar.com\/avatar\/c87b3b784fd4c1975884b6c3eab282b5?s=96&d=mm&r=g\",\"caption\":\"dooley\"},\"sameAs\":[\"https:\/\/live-lgmd-2021.pantheonsite.io\"]}]}<\/script>\n<!-- \/ Yoast SEO plugin. -->","yoast_head_json":{"title":"INDIVIDUAL WITH LGMD: Jillena - LGMD Awareness Foundation","robots":{"index":"index","follow":"follow","max-snippet":"max-snippet:-1","max-image-preview":"max-image-preview:large","max-video-preview":"max-video-preview:-1"},"canonical":"https:\/\/www.lgmd-info.org\/it\/individuals-with-lgmd-interviews\/2019\/06\/12\/individual-with-lgmd-jillena\/","og_locale":"it_IT","og_type":"article","og_title":"INDIVIDUAL WITH LGMD: Jillena - LGMD Awareness Foundation","og_description":"LGMD \u201cSpotlight interview\u201d Name:&nbsp; Jillena &nbsp;Age: 32 yrs. old Country: [&hellip;]","og_url":"https:\/\/www.lgmd-info.org\/it\/individuals-with-lgmd-interviews\/2019\/06\/12\/individual-with-lgmd-jillena\/","og_site_name":"LGMD Awareness Foundation","article_publisher":"https:\/\/www.facebook.com\/LGMDawareness\/","article_published_time":"2019-06-12T19:29:32+00:00","og_image":[{"width":1200,"height":630,"url":"https:\/\/www.lgmd-info.org\/wp-content\/uploads\/2021\/06\/LGMD-Logo_1200X630.png","type":"image\/png"}],"author":"dooley","twitter_card":"summary_large_image","twitter_creator":"@LgmdAwareness","twitter_site":"@LgmdAwareness","twitter_misc":{"Written by":"dooley","Est. reading time":"3 minutes"},"schema":{"@context":"https:\/\/schema.org","@graph":[{"@type":"Article","@id":"https:\/\/www.lgmd-info.org\/individuals-with-lgmd-interviews\/2019\/06\/12\/individual-with-lgmd-jillena\/#article","isPartOf":{"@id":"https:\/\/www.lgmd-info.org\/individuals-with-lgmd-interviews\/2019\/06\/12\/individual-with-lgmd-jillena\/"},"author":{"name":"dooley","@id":"https:\/\/www.lgmd-info.org\/de\/#\/schema\/person\/007755074875959ad5503c1c969678c7"},"headline":"INDIVIDUAL WITH LGMD: Jillena","datePublished":"2019-06-12T19:29:32+00:00","dateModified":"2019-06-12T19:29:32+00:00","mainEntityOfPage":{"@id":"https:\/\/www.lgmd-info.org\/individuals-with-lgmd-interviews\/2019\/06\/12\/individual-with-lgmd-jillena\/"},"wordCount":550,"publisher":{"@id":"https:\/\/www.lgmd-info.org\/de\/#organization"},"image":{"@id":"https:\/\/www.lgmd-info.org\/individuals-with-lgmd-interviews\/2019\/06\/12\/individual-with-lgmd-jillena\/#primaryimage"},"thumbnailUrl":"","keywords":["LGMD2A; Calpainopathy; United States"],"articleSection":["Individuals with LGMD - Interviews","LGMD2A"],"inLanguage":"it-IT"},{"@type":"WebPage","@id":"https:\/\/www.lgmd-info.org\/individuals-with-lgmd-interviews\/2019\/06\/12\/individual-with-lgmd-jillena\/","url":"https:\/\/www.lgmd-info.org\/individuals-with-lgmd-interviews\/2019\/06\/12\/individual-with-lgmd-jillena\/","name":"INDIVIDUAL WITH LGMD: Jillena - LGMD Awareness Foundation","isPartOf":{"@id":"https:\/\/www.lgmd-info.org\/de\/#website"},"primaryImageOfPage":{"@id":"https:\/\/www.lgmd-info.org\/individuals-with-lgmd-interviews\/2019\/06\/12\/individual-with-lgmd-jillena\/#primaryimage"},"image":{"@id":"https:\/\/www.lgmd-info.org\/individuals-with-lgmd-interviews\/2019\/06\/12\/individual-with-lgmd-jillena\/#primaryimage"},"thumbnailUrl":"","datePublished":"2019-06-12T19:29:32+00:00","dateModified":"2019-06-12T19:29:32+00:00","breadcrumb":{"@id":"https:\/\/www.lgmd-info.org\/individuals-with-lgmd-interviews\/2019\/06\/12\/individual-with-lgmd-jillena\/#breadcrumb"},"inLanguage":"it-IT","potentialAction":[{"@type":"ReadAction","target":["https:\/\/www.lgmd-info.org\/individuals-with-lgmd-interviews\/2019\/06\/12\/individual-with-lgmd-jillena\/"]}]},{"@type":"ImageObject","inLanguage":"it-IT","@id":"https:\/\/www.lgmd-info.org\/individuals-with-lgmd-interviews\/2019\/06\/12\/individual-with-lgmd-jillena\/#primaryimage","url":"","contentUrl":""},{"@type":"BreadcrumbList","@id":"https:\/\/www.lgmd-info.org\/individuals-with-lgmd-interviews\/2019\/06\/12\/individual-with-lgmd-jillena\/#breadcrumb","itemListElement":[{"@type":"ListItem","position":1,"name":"Home","item":"https:\/\/www.lgmd-info.org\/de\/"},{"@type":"ListItem","position":2,"name":"INDIVIDUAL WITH LGMD: Jillena"}]},{"@type":"WebSite","@id":"https:\/\/www.lgmd-info.org\/de\/#website","url":"https:\/\/www.lgmd-info.org\/de\/","name":"LGMD Awareness Foundation","description":"Information Hub for the LGMD community","publisher":{"@id":"https:\/\/www.lgmd-info.org\/de\/#organization"},"potentialAction":[{"@type":"SearchAction","target":{"@type":"EntryPoint","urlTemplate":"https:\/\/www.lgmd-info.org\/de\/?s={search_term_string}"},"query-input":{"@type":"PropertyValueSpecification","valueRequired":true,"valueName":"search_term_string"}}],"inLanguage":"it-IT"},{"@type":"Organization","@id":"https:\/\/www.lgmd-info.org\/de\/#organization","name":"LGMD Awareness Foundation, Inc.","url":"https:\/\/www.lgmd-info.org\/de\/","logo":{"@type":"ImageObject","inLanguage":"it-IT","@id":"https:\/\/www.lgmd-info.org\/de\/#\/schema\/logo\/image\/","url":"https:\/\/lgmd-info.org\/wp-content\/uploads\/2021\/02\/LGMD_Logo.png","contentUrl":"https:\/\/lgmd-info.org\/wp-content\/uploads\/2021\/02\/LGMD_Logo.png","width":208,"height":61,"caption":"LGMD Awareness Foundation, Inc."},"image":{"@id":"https:\/\/www.lgmd-info.org\/de\/#\/schema\/logo\/image\/"},"sameAs":["https:\/\/www.facebook.com\/LGMDawareness\/","https:\/\/x.com\/LgmdAwareness","https:\/\/www.instagram.com\/lgmdawareness\/"]},{"@type":"Person","@id":"https:\/\/www.lgmd-info.org\/de\/#\/schema\/person\/007755074875959ad5503c1c969678c7","name":"dooley","image":{"@type":"ImageObject","inLanguage":"it-IT","@id":"https:\/\/www.lgmd-info.org\/de\/#\/schema\/person\/image\/","url":"https:\/\/secure.gravatar.com\/avatar\/c87b3b784fd4c1975884b6c3eab282b5?s=96&d=mm&r=g","contentUrl":"https:\/\/secure.gravatar.com\/avatar\/c87b3b784fd4c1975884b6c3eab282b5?s=96&d=mm&r=g","caption":"dooley"},"sameAs":["https:\/\/live-lgmd-2021.pantheonsite.io"]}]}},"_links":{"self":[{"href":"https:\/\/www.lgmd-info.org\/it\/wp-json\/wp\/v2\/posts\/2727","targetHints":{"allow":["GET"]}}],"collection":[{"href":"https:\/\/www.lgmd-info.org\/it\/wp-json\/wp\/v2\/posts"}],"about":[{"href":"https:\/\/www.lgmd-info.org\/it\/wp-json\/wp\/v2\/types\/post"}],"author":[{"embeddable":true,"href":"https:\/\/www.lgmd-info.org\/it\/wp-json\/wp\/v2\/users\/1"}],"replies":[{"embeddable":true,"href":"https:\/\/www.lgmd-info.org\/it\/wp-json\/wp\/v2\/comments?post=2727"}],"version-history":[{"count":0,"href":"https:\/\/www.lgmd-info.org\/it\/wp-json\/wp\/v2\/posts\/2727\/revisions"}],"wp:featuredmedia":[{"embeddable":true,"href":"https:\/\/www.lgmd-info.org\/it\/wp-json\/"}],"wp:attachment":[{"href":"https:\/\/www.lgmd-info.org\/it\/wp-json\/wp\/v2\/media?parent=2727"}],"wp:term":[{"taxonomy":"category","embeddable":true,"href":"https:\/\/www.lgmd-info.org\/it\/wp-json\/wp\/v2\/categories?post=2727"},{"taxonomy":"post_tag","embeddable":true,"href":"https:\/\/www.lgmd-info.org\/it\/wp-json\/wp\/v2\/tags?post=2727"}],"curies":[{"name":"wp","href":"https:\/\/api.w.org\/{rel}","templated":true}]}}