{"id":945,"date":"2015-07-06T10:35:46","date_gmt":"2015-07-06T15:35:46","guid":{"rendered":"https:\/\/restruct-lgmd-2021.pantheonsite.io\/?p=945"},"modified":"2015-07-06T10:35:46","modified_gmt":"2015-07-06T15:35:46","slug":"ramesh","status":"publish","type":"post","link":"https:\/\/www.lgmd-info.org\/pl\/individuals-with-lgmd-interviews\/2015\/07\/06\/ramesh\/","title":{"rendered":"OSOBA Z LGMD: Ramesh"},"content":{"rendered":"<p><strong>07\/06\/2015:<\/strong><strong>\u00a0<\/strong><\/p>\n<p><strong>NAZWA<\/strong>: Ramesh \u00a0<strong>WIEK<\/strong>28 lat<a href=\"https:\/\/www.lgmd-info.org\/wp-content\/uploads\/2015\/07\/LGMD2B-Ramesh.png\"><img decoding=\"async\" class=\"lazyload  size-medium wp-image-946 alignright\" src=\"data:image\/svg+xml,%3Csvg%20xmlns%3D%27http%3A%2F%2Fwww.w3.org%2F2000%2Fsvg%27%20width%3D%27300%27%20height%3D%27169%27%20viewBox%3D%270%200%20300%20169%27%3E%3Crect%20width%3D%27300%27%20height%3D%27169%27%20fill-opacity%3D%220%22%2F%3E%3C%2Fsvg%3E\" data-orig-src=\"https:\/\/www.lgmd-info.org\/wp-content\/uploads\/2015\/07\/LGMD2B-Ramesh-300x169.png\" alt=\"LGMD2B - Ramesh\" width=\"300\" height=\"169\" \/><\/a><br \/>\n<strong>KRAJ<\/strong>: Indie<br \/>\n<strong>Podtyp LGMD<\/strong>: LGMD2B \/ Dysferlinopatia<\/p>\n<p><strong>W JAKIM WIEKU ZOSTA\u0141E\u015a ZDIAGNOZOWANY?<\/strong>:<br \/>\nZacz\u0105\u0142em mie\u0107 objawy w wieku 19 lat, ale zdiagnozowano mnie dopiero w wieku oko\u0142o 22 lat.<\/p>\n<p><strong>JAKIE BY\u0141Y PIERWSZE OBJAWY<\/strong>:<br \/>\nMoim pierwszym objawem by\u0142o to, \u017ce kiedy szed\u0142em do biura, nagle upad\u0142em. Skonsultowa\u0142em si\u0119 z lekarzem, kt\u00f3ry zasugerowa\u0142 fizykoterapi\u0119, ale to niewiele pomog\u0142o. Potem stwierdzili\u015bmy, \u017ce najlepiej b\u0119dzie skonsultowa\u0107 si\u0119 z lekarzem w Bangalore (Indie). Zrobiono mi biopsj\u0119 mi\u0119\u015bni i nerw\u00f3w oraz za\u0142o\u017cono gips na ka\u017cd\u0105 nog\u0119 na dwa miesi\u0105ce. Skierowa\u0142a mnie do neurologa na dalsze badania.<\/p>\n<p><strong>CZY MASZ INNYCH CZ\u0141ONK\u00d3W RODZINY, KT\u00d3RZY CHORUJ\u0104 NA LGMD?<\/strong>: Nie<\/p>\n<p><strong>CO UWA\u017bASZ ZA NAJWI\u0118KSZE WYZWANIE W \u017bYCIU Z LGMD?<\/strong>:<br \/>\nUwa\u017cam, \u017ce najwi\u0119kszym wyzwaniem w \u017cyciu z LGMD jest to, \u017ce ludziom trudno jest j\u0105 zrozumie\u0107. Nie jest \u0142atwo opisa\u0107 komu\u015b LGMD. Wiele os\u00f3b uwa\u017ca, \u017ce przesadzam lub nawet k\u0142ami\u0119, \u017ce cierpi\u0119 na t\u0119 chorob\u0119.   Poza sam\u0105 chorob\u0105, uwa\u017cam, \u017ce brak dost\u0119pno\u015bci i postawy spo\u0142eczne wobec os\u00f3b niepe\u0142nosprawnych s\u0105 bardzo ograniczaj\u0105ce. Chcia\u0142bym, aby ludzie byli bardziej otwarci na poznawanie tych chor\u00f3b i zrozumienie, jak si\u0119 ich pozby\u0107.<\/p>\n<p><strong>JAKIE JEST TWOJE NAJWI\u0118KSZE OSI\u0104GNI\u0118CIE?<\/strong>:<br \/>\nMoim najwi\u0119kszym osi\u0105gni\u0119ciem jest to, \u017ce uda\u0142o mi si\u0119 pracowa\u0107 i pracowa\u0107 na sw\u00f3j w\u0142asny spos\u00f3b.<\/p>\n<p><strong>JAK CHOROBA ALZHEIMERA WP\u0141YN\u0118\u0141A NA TO, \u017bE STA\u0141E\u015a SI\u0118 OSOB\u0104, KT\u00d3R\u0104 JESTE\u015a DZISIAJ?<\/strong>:<br \/>\nNauczy\u0142am si\u0119 docenia\u0107 ludzi, kt\u00f3rzy mi pomagaj\u0105, mie\u0107 cierpliwo\u015b\u0107, zachowa\u0107 nadziej\u0119 i unika\u0107 depresji, by\u0107 wdzi\u0119czn\u0105 za wszystko, rozumie\u0107 ludzi, kt\u00f3rzy nie s\u0105 w takiej samej sytuacji jak ja i kt\u00f3rzy s\u0105 w trudnej sytuacji, docenia\u0107 to, co mam i by\u0107 oszcz\u0119dn\u0105, dawa\u0107 wi\u0119cej mi\u0142o\u015bci mojej rodzinie ka\u017cdego dnia, jakby to by\u0142 ostatni dzie\u0144. Nauczy\u0142am si\u0119 by\u0107 cierpliwa i akceptowa\u0107 fakt, \u017ce ka\u017cdy potrzebuje pomocnej d\u0142oni!<\/p>\n<p><strong>CO CHCIA\u0141BY\u015a, ABY \u015aWIAT DOWIEDZIA\u0141 SI\u0118 O LGMD?<\/strong>:<br \/>\nNawet wi\u0119kszo\u015b\u0107 specjalist\u00f3w medycznych nie zdaje sobie sprawy z tego stanu, musz\u0105 by\u0107 tego \u015bwiadomi i uczy\u0107 pacjent\u00f3w, jak by\u0107 bezpiecznym i wymagaj\u0105cym wobec \u017cycia.<\/p>\n<p><strong>GDYBY JUTRO MO\u017bNA BY\u0141O \"WYLECZY\u0106\" CHOROB\u0118 ALZHEIMERA, CO BY\u0141OBY PIERWSZ\u0104 RZECZ\u0104, KT\u00d3R\u0104 CHCIA\u0141BY\u015a ZROBI\u0106?<\/strong>:<br \/>\nPrzede wszystkim chcia\u0142bym pogratulowa\u0107 ka\u017cdemu lekarzowi, kt\u00f3ry pom\u00f3g\u0142 mi osobi\u015bcie. Najwa\u017cniejsze jest to, \u017ce chcia\u0142bym otworzy\u0107 blog o tej chorobie i b\u0119d\u0119 prowadzi\u0142 i wspiera\u0142 pacjent\u00f3w, jak przezwyci\u0119\u017cy\u0107 t\u0119 chorob\u0119. Wiem, jak cierpi\u0119 z powodu tej choroby. Nie dam szansy innym cierpie\u0107 ponownie.<\/p>","protected":false},"excerpt":{"rendered":"<p>07\/06\/2015:\u00a0 NAME: Ramesh \u00a0AGE: 28 yrs. old COUNTRY: India LGMD [&hellip;]<\/p>","protected":false},"author":1,"featured_media":946,"comment_status":"closed","ping_status":"closed","sticky":false,"template":"","format":"standard","meta":{"_acf_changed":false,"footnotes":""},"categories":[13,22],"tags":[21,30,23],"class_list":["post-945","post","type-post","status-publish","format-standard","has-post-thumbnail","hentry","category-individuals-with-lgmd-interviews","category-lgmd2b","tag-dysferlinopathy","tag-india","tag-lgmd2b"],"acf":[],"yoast_head":"<!-- This site is optimized with the Yoast SEO plugin v23.9 - https:\/\/yoast.com\/wordpress\/plugins\/seo\/ -->\n<title>LGMD Spotlight Interview - Ramesh<\/title>\n<meta name=\"description\" content=\"Ramesh who is diagnosed with Limb Girdle Muscular Dystrophy (LGMD), shares his experience in living with this progressive neuro-muscular disease.\" \/>\n<meta name=\"robots\" content=\"index, follow, max-snippet:-1, max-image-preview:large, max-video-preview:-1\" \/>\n<link rel=\"canonical\" href=\"https:\/\/www.lgmd-info.org\/pl\/individuals-with-lgmd-interviews\/2015\/07\/06\/ramesh\/\" \/>\n<meta property=\"og:locale\" content=\"pl_PL\" \/>\n<meta property=\"og:type\" content=\"article\" \/>\n<meta property=\"og:title\" content=\"LGMD Spotlight Interview - Ramesh\" \/>\n<meta property=\"og:description\" content=\"Ramesh who is diagnosed with Limb Girdle Muscular Dystrophy (LGMD), shares his experience in living with this progressive neuro-muscular disease.\" \/>\n<meta property=\"og:url\" content=\"https:\/\/www.lgmd-info.org\/pl\/individuals-with-lgmd-interviews\/2015\/07\/06\/ramesh\/\" \/>\n<meta property=\"og:site_name\" content=\"LGMD Awareness Foundation\" \/>\n<meta property=\"article:publisher\" content=\"https:\/\/www.facebook.com\/LGMDawareness\/\" \/>\n<meta property=\"article:published_time\" content=\"2015-07-06T15:35:46+00:00\" \/>\n<meta property=\"og:image\" content=\"https:\/\/www.lgmd-info.org\/wp-content\/uploads\/2021\/06\/LGMD-Logo_1200X630.png\" \/>\n\t<meta property=\"og:image:width\" content=\"1200\" \/>\n\t<meta property=\"og:image:height\" content=\"630\" \/>\n\t<meta property=\"og:image:type\" content=\"image\/png\" \/>\n<meta name=\"author\" content=\"dooley\" \/>\n<meta name=\"twitter:card\" content=\"summary_large_image\" \/>\n<meta name=\"twitter:creator\" content=\"@LgmdAwareness\" \/>\n<meta name=\"twitter:site\" content=\"@LgmdAwareness\" \/>\n<meta name=\"twitter:label1\" content=\"Written by\" \/>\n\t<meta name=\"twitter:data1\" content=\"dooley\" \/>\n\t<meta name=\"twitter:label2\" content=\"Est. reading time\" \/>\n\t<meta name=\"twitter:data2\" content=\"2 minutes\" \/>\n<script type=\"application\/ld+json\" class=\"yoast-schema-graph\">{\"@context\":\"https:\/\/schema.org\",\"@graph\":[{\"@type\":\"Article\",\"@id\":\"https:\/\/www.lgmd-info.org\/tr\/individuals-with-lgmd-interviews\/2015\/07\/06\/ramesh\/#article\",\"isPartOf\":{\"@id\":\"https:\/\/www.lgmd-info.org\/tr\/individuals-with-lgmd-interviews\/2015\/07\/06\/ramesh\/\"},\"author\":{\"name\":\"dooley\",\"@id\":\"https:\/\/www.lgmd-info.org\/de\/#\/schema\/person\/007755074875959ad5503c1c969678c7\"},\"headline\":\"INDIVIDUAL WITH LGMD: Ramesh\",\"datePublished\":\"2015-07-06T15:35:46+00:00\",\"dateModified\":\"2015-07-06T15:35:46+00:00\",\"mainEntityOfPage\":{\"@id\":\"https:\/\/www.lgmd-info.org\/tr\/individuals-with-lgmd-interviews\/2015\/07\/06\/ramesh\/\"},\"wordCount\":458,\"publisher\":{\"@id\":\"https:\/\/www.lgmd-info.org\/de\/#organization\"},\"image\":{\"@id\":\"https:\/\/www.lgmd-info.org\/tr\/individuals-with-lgmd-interviews\/2015\/07\/06\/ramesh\/#primaryimage\"},\"thumbnailUrl\":\"\",\"keywords\":[\"Dysferlinopathy\",\"India\",\"LGMD2B\"],\"articleSection\":[\"Individuals with LGMD - Interviews\",\"LGMD2B\"],\"inLanguage\":\"pl-PL\"},{\"@type\":\"WebPage\",\"@id\":\"https:\/\/www.lgmd-info.org\/tr\/individuals-with-lgmd-interviews\/2015\/07\/06\/ramesh\/\",\"url\":\"https:\/\/www.lgmd-info.org\/tr\/individuals-with-lgmd-interviews\/2015\/07\/06\/ramesh\/\",\"name\":\"LGMD Spotlight Interview - Ramesh\",\"isPartOf\":{\"@id\":\"https:\/\/www.lgmd-info.org\/de\/#website\"},\"primaryImageOfPage\":{\"@id\":\"https:\/\/www.lgmd-info.org\/tr\/individuals-with-lgmd-interviews\/2015\/07\/06\/ramesh\/#primaryimage\"},\"image\":{\"@id\":\"https:\/\/www.lgmd-info.org\/tr\/individuals-with-lgmd-interviews\/2015\/07\/06\/ramesh\/#primaryimage\"},\"thumbnailUrl\":\"\",\"datePublished\":\"2015-07-06T15:35:46+00:00\",\"dateModified\":\"2015-07-06T15:35:46+00:00\",\"description\":\"Ramesh who is diagnosed with Limb Girdle Muscular Dystrophy (LGMD), shares his experience in living with this progressive neuro-muscular disease.\",\"breadcrumb\":{\"@id\":\"https:\/\/www.lgmd-info.org\/tr\/individuals-with-lgmd-interviews\/2015\/07\/06\/ramesh\/#breadcrumb\"},\"inLanguage\":\"pl-PL\",\"potentialAction\":[{\"@type\":\"ReadAction\",\"target\":[\"https:\/\/www.lgmd-info.org\/tr\/individuals-with-lgmd-interviews\/2015\/07\/06\/ramesh\/\"]}]},{\"@type\":\"ImageObject\",\"inLanguage\":\"pl-PL\",\"@id\":\"https:\/\/www.lgmd-info.org\/tr\/individuals-with-lgmd-interviews\/2015\/07\/06\/ramesh\/#primaryimage\",\"url\":\"\",\"contentUrl\":\"\"},{\"@type\":\"BreadcrumbList\",\"@id\":\"https:\/\/www.lgmd-info.org\/tr\/individuals-with-lgmd-interviews\/2015\/07\/06\/ramesh\/#breadcrumb\",\"itemListElement\":[{\"@type\":\"ListItem\",\"position\":1,\"name\":\"Home\",\"item\":\"https:\/\/www.lgmd-info.org\/de\/\"},{\"@type\":\"ListItem\",\"position\":2,\"name\":\"INDIVIDUAL WITH LGMD: Ramesh\"}]},{\"@type\":\"WebSite\",\"@id\":\"https:\/\/www.lgmd-info.org\/de\/#website\",\"url\":\"https:\/\/www.lgmd-info.org\/de\/\",\"name\":\"LGMD Awareness Foundation\",\"description\":\"Information Hub for the LGMD community\",\"publisher\":{\"@id\":\"https:\/\/www.lgmd-info.org\/de\/#organization\"},\"potentialAction\":[{\"@type\":\"SearchAction\",\"target\":{\"@type\":\"EntryPoint\",\"urlTemplate\":\"https:\/\/www.lgmd-info.org\/de\/?s={search_term_string}\"},\"query-input\":{\"@type\":\"PropertyValueSpecification\",\"valueRequired\":true,\"valueName\":\"search_term_string\"}}],\"inLanguage\":\"pl-PL\"},{\"@type\":\"Organization\",\"@id\":\"https:\/\/www.lgmd-info.org\/de\/#organization\",\"name\":\"LGMD Awareness Foundation, Inc.\",\"url\":\"https:\/\/www.lgmd-info.org\/de\/\",\"logo\":{\"@type\":\"ImageObject\",\"inLanguage\":\"pl-PL\",\"@id\":\"https:\/\/www.lgmd-info.org\/de\/#\/schema\/logo\/image\/\",\"url\":\"https:\/\/lgmd-info.org\/wp-content\/uploads\/2021\/02\/LGMD_Logo.png\",\"contentUrl\":\"https:\/\/lgmd-info.org\/wp-content\/uploads\/2021\/02\/LGMD_Logo.png\",\"width\":208,\"height\":61,\"caption\":\"LGMD Awareness Foundation, Inc.\"},\"image\":{\"@id\":\"https:\/\/www.lgmd-info.org\/de\/#\/schema\/logo\/image\/\"},\"sameAs\":[\"https:\/\/www.facebook.com\/LGMDawareness\/\",\"https:\/\/x.com\/LgmdAwareness\",\"https:\/\/www.instagram.com\/lgmdawareness\/\"]},{\"@type\":\"Person\",\"@id\":\"https:\/\/www.lgmd-info.org\/de\/#\/schema\/person\/007755074875959ad5503c1c969678c7\",\"name\":\"dooley\",\"image\":{\"@type\":\"ImageObject\",\"inLanguage\":\"pl-PL\",\"@id\":\"https:\/\/www.lgmd-info.org\/de\/#\/schema\/person\/image\/\",\"url\":\"https:\/\/secure.gravatar.com\/avatar\/c87b3b784fd4c1975884b6c3eab282b5?s=96&d=mm&r=g\",\"contentUrl\":\"https:\/\/secure.gravatar.com\/avatar\/c87b3b784fd4c1975884b6c3eab282b5?s=96&d=mm&r=g\",\"caption\":\"dooley\"},\"sameAs\":[\"https:\/\/live-lgmd-2021.pantheonsite.io\"]}]}<\/script>\n<!-- \/ Yoast SEO plugin. -->","yoast_head_json":{"title":"LGMD Spotlight Interview - Ramesh","description":"Ramesh who is diagnosed with Limb Girdle Muscular Dystrophy (LGMD), shares his experience in living with this progressive neuro-muscular disease.","robots":{"index":"index","follow":"follow","max-snippet":"max-snippet:-1","max-image-preview":"max-image-preview:large","max-video-preview":"max-video-preview:-1"},"canonical":"https:\/\/www.lgmd-info.org\/pl\/individuals-with-lgmd-interviews\/2015\/07\/06\/ramesh\/","og_locale":"pl_PL","og_type":"article","og_title":"LGMD Spotlight Interview - Ramesh","og_description":"Ramesh who is diagnosed with Limb Girdle Muscular Dystrophy (LGMD), shares his experience in living with this progressive neuro-muscular disease.","og_url":"https:\/\/www.lgmd-info.org\/pl\/individuals-with-lgmd-interviews\/2015\/07\/06\/ramesh\/","og_site_name":"LGMD Awareness Foundation","article_publisher":"https:\/\/www.facebook.com\/LGMDawareness\/","article_published_time":"2015-07-06T15:35:46+00:00","og_image":[{"width":1200,"height":630,"url":"https:\/\/www.lgmd-info.org\/wp-content\/uploads\/2021\/06\/LGMD-Logo_1200X630.png","type":"image\/png"}],"author":"dooley","twitter_card":"summary_large_image","twitter_creator":"@LgmdAwareness","twitter_site":"@LgmdAwareness","twitter_misc":{"Written by":"dooley","Est. reading time":"2 minutes"},"schema":{"@context":"https:\/\/schema.org","@graph":[{"@type":"Article","@id":"https:\/\/www.lgmd-info.org\/tr\/individuals-with-lgmd-interviews\/2015\/07\/06\/ramesh\/#article","isPartOf":{"@id":"https:\/\/www.lgmd-info.org\/tr\/individuals-with-lgmd-interviews\/2015\/07\/06\/ramesh\/"},"author":{"name":"dooley","@id":"https:\/\/www.lgmd-info.org\/de\/#\/schema\/person\/007755074875959ad5503c1c969678c7"},"headline":"INDIVIDUAL WITH LGMD: Ramesh","datePublished":"2015-07-06T15:35:46+00:00","dateModified":"2015-07-06T15:35:46+00:00","mainEntityOfPage":{"@id":"https:\/\/www.lgmd-info.org\/tr\/individuals-with-lgmd-interviews\/2015\/07\/06\/ramesh\/"},"wordCount":458,"publisher":{"@id":"https:\/\/www.lgmd-info.org\/de\/#organization"},"image":{"@id":"https:\/\/www.lgmd-info.org\/tr\/individuals-with-lgmd-interviews\/2015\/07\/06\/ramesh\/#primaryimage"},"thumbnailUrl":"","keywords":["Dysferlinopathy","India","LGMD2B"],"articleSection":["Individuals with LGMD - Interviews","LGMD2B"],"inLanguage":"pl-PL"},{"@type":"WebPage","@id":"https:\/\/www.lgmd-info.org\/tr\/individuals-with-lgmd-interviews\/2015\/07\/06\/ramesh\/","url":"https:\/\/www.lgmd-info.org\/tr\/individuals-with-lgmd-interviews\/2015\/07\/06\/ramesh\/","name":"LGMD Spotlight Interview - Ramesh","isPartOf":{"@id":"https:\/\/www.lgmd-info.org\/de\/#website"},"primaryImageOfPage":{"@id":"https:\/\/www.lgmd-info.org\/tr\/individuals-with-lgmd-interviews\/2015\/07\/06\/ramesh\/#primaryimage"},"image":{"@id":"https:\/\/www.lgmd-info.org\/tr\/individuals-with-lgmd-interviews\/2015\/07\/06\/ramesh\/#primaryimage"},"thumbnailUrl":"","datePublished":"2015-07-06T15:35:46+00:00","dateModified":"2015-07-06T15:35:46+00:00","description":"Ramesh who is diagnosed with Limb Girdle Muscular Dystrophy (LGMD), shares his experience in living with this progressive neuro-muscular disease.","breadcrumb":{"@id":"https:\/\/www.lgmd-info.org\/tr\/individuals-with-lgmd-interviews\/2015\/07\/06\/ramesh\/#breadcrumb"},"inLanguage":"pl-PL","potentialAction":[{"@type":"ReadAction","target":["https:\/\/www.lgmd-info.org\/tr\/individuals-with-lgmd-interviews\/2015\/07\/06\/ramesh\/"]}]},{"@type":"ImageObject","inLanguage":"pl-PL","@id":"https:\/\/www.lgmd-info.org\/tr\/individuals-with-lgmd-interviews\/2015\/07\/06\/ramesh\/#primaryimage","url":"","contentUrl":""},{"@type":"BreadcrumbList","@id":"https:\/\/www.lgmd-info.org\/tr\/individuals-with-lgmd-interviews\/2015\/07\/06\/ramesh\/#breadcrumb","itemListElement":[{"@type":"ListItem","position":1,"name":"Home","item":"https:\/\/www.lgmd-info.org\/de\/"},{"@type":"ListItem","position":2,"name":"INDIVIDUAL WITH LGMD: Ramesh"}]},{"@type":"WebSite","@id":"https:\/\/www.lgmd-info.org\/de\/#website","url":"https:\/\/www.lgmd-info.org\/de\/","name":"LGMD Awareness Foundation","description":"Information Hub for the LGMD community","publisher":{"@id":"https:\/\/www.lgmd-info.org\/de\/#organization"},"potentialAction":[{"@type":"SearchAction","target":{"@type":"EntryPoint","urlTemplate":"https:\/\/www.lgmd-info.org\/de\/?s={search_term_string}"},"query-input":{"@type":"PropertyValueSpecification","valueRequired":true,"valueName":"search_term_string"}}],"inLanguage":"pl-PL"},{"@type":"Organization","@id":"https:\/\/www.lgmd-info.org\/de\/#organization","name":"LGMD Awareness Foundation, Inc.","url":"https:\/\/www.lgmd-info.org\/de\/","logo":{"@type":"ImageObject","inLanguage":"pl-PL","@id":"https:\/\/www.lgmd-info.org\/de\/#\/schema\/logo\/image\/","url":"https:\/\/lgmd-info.org\/wp-content\/uploads\/2021\/02\/LGMD_Logo.png","contentUrl":"https:\/\/lgmd-info.org\/wp-content\/uploads\/2021\/02\/LGMD_Logo.png","width":208,"height":61,"caption":"LGMD Awareness Foundation, Inc."},"image":{"@id":"https:\/\/www.lgmd-info.org\/de\/#\/schema\/logo\/image\/"},"sameAs":["https:\/\/www.facebook.com\/LGMDawareness\/","https:\/\/x.com\/LgmdAwareness","https:\/\/www.instagram.com\/lgmdawareness\/"]},{"@type":"Person","@id":"https:\/\/www.lgmd-info.org\/de\/#\/schema\/person\/007755074875959ad5503c1c969678c7","name":"dooley","image":{"@type":"ImageObject","inLanguage":"pl-PL","@id":"https:\/\/www.lgmd-info.org\/de\/#\/schema\/person\/image\/","url":"https:\/\/secure.gravatar.com\/avatar\/c87b3b784fd4c1975884b6c3eab282b5?s=96&d=mm&r=g","contentUrl":"https:\/\/secure.gravatar.com\/avatar\/c87b3b784fd4c1975884b6c3eab282b5?s=96&d=mm&r=g","caption":"dooley"},"sameAs":["https:\/\/live-lgmd-2021.pantheonsite.io"]}]}},"_links":{"self":[{"href":"https:\/\/www.lgmd-info.org\/pl\/wp-json\/wp\/v2\/posts\/945","targetHints":{"allow":["GET"]}}],"collection":[{"href":"https:\/\/www.lgmd-info.org\/pl\/wp-json\/wp\/v2\/posts"}],"about":[{"href":"https:\/\/www.lgmd-info.org\/pl\/wp-json\/wp\/v2\/types\/post"}],"author":[{"embeddable":true,"href":"https:\/\/www.lgmd-info.org\/pl\/wp-json\/wp\/v2\/users\/1"}],"replies":[{"embeddable":true,"href":"https:\/\/www.lgmd-info.org\/pl\/wp-json\/wp\/v2\/comments?post=945"}],"version-history":[{"count":0,"href":"https:\/\/www.lgmd-info.org\/pl\/wp-json\/wp\/v2\/posts\/945\/revisions"}],"wp:featuredmedia":[{"embeddable":true,"href":"https:\/\/www.lgmd-info.org\/pl\/wp-json\/"}],"wp:attachment":[{"href":"https:\/\/www.lgmd-info.org\/pl\/wp-json\/wp\/v2\/media?parent=945"}],"wp:term":[{"taxonomy":"category","embeddable":true,"href":"https:\/\/www.lgmd-info.org\/pl\/wp-json\/wp\/v2\/categories?post=945"},{"taxonomy":"post_tag","embeddable":true,"href":"https:\/\/www.lgmd-info.org\/pl\/wp-json\/wp\/v2\/tags?post=945"}],"curies":[{"name":"wp","href":"https:\/\/api.w.org\/{rel}","templated":true}]}}