{"id":945,"date":"2015-07-06T10:35:46","date_gmt":"2015-07-06T15:35:46","guid":{"rendered":"https:\/\/restruct-lgmd-2021.pantheonsite.io\/?p=945"},"modified":"2015-07-06T10:35:46","modified_gmt":"2015-07-06T15:35:46","slug":"ramesh","status":"publish","type":"post","link":"https:\/\/www.lgmd-info.org\/tr\/individuals-with-lgmd-interviews\/2015\/07\/06\/ramesh\/","title":{"rendered":"LGMD'L\u0130 B\u0130REY: Ramesh"},"content":{"rendered":"<p><strong>07\/06\/2015:<\/strong><strong>\u00a0<\/strong><\/p>\n<p><strong>\u0130S\u0130M<\/strong>: Ramesh \u00a0<strong>YA\u015e<\/strong>: 28 yrs. old<a href=\"https:\/\/www.lgmd-info.org\/wp-content\/uploads\/2015\/07\/LGMD2B-Ramesh.png\"><img decoding=\"async\" class=\"lazyload  size-medium wp-image-946 alignright\" src=\"data:image\/svg+xml,%3Csvg%20xmlns%3D%27http%3A%2F%2Fwww.w3.org%2F2000%2Fsvg%27%20width%3D%27300%27%20height%3D%27169%27%20viewBox%3D%270%200%20300%20169%27%3E%3Crect%20width%3D%27300%27%20height%3D%27169%27%20fill-opacity%3D%220%22%2F%3E%3C%2Fsvg%3E\" data-orig-src=\"https:\/\/www.lgmd-info.org\/wp-content\/uploads\/2015\/07\/LGMD2B-Ramesh-300x169.png\" alt=\"LGMD2B - Ramesh\" width=\"300\" height=\"169\" \/><\/a><br \/>\n<strong>\u00dcLKE<\/strong>: Hindistan<br \/>\n<strong>LGMD Alt Tipi<\/strong>: LGMD2B \/ Disferlinopati<\/p>\n<p><strong>KA\u00c7 YA\u015eINDA TE\u015eHIS KONULDU?<\/strong>:<br \/>\nSemptomlar 19 ya\u015f\u0131mda ba\u015flad\u0131 ancak 22 ya\u015f\u0131ma kadar te\u015fhis konulamad\u0131.<\/p>\n<p><strong>\u0130LK BELIRTILERINIZ NEYDI?<\/strong>:<br \/>\n\u0130lk belirtim, ofise giderken aniden yere d\u00fc\u015fmemdi. Doktoruma dan\u0131\u015ft\u0131m, fizik tedavi \u00f6nerdi ancak bu pek yard\u0131mc\u0131 olmad\u0131. Bundan sonra, Bangalore'daki (Hindistan) doktora dan\u0131\u015fman\u0131n en iyisi olabilece\u011fini d\u00fc\u015f\u00fcnd\u00fck. Kas ve sinir biyopsisi yapt\u0131rd\u0131m ve iki ay boyunca her bir baca\u011f\u0131m al\u00e7\u0131da kald\u0131. Daha ileri testler i\u00e7in beni bir n\u00f6rolo\u011fa g\u00f6nderdi.<\/p>\n<p><strong>LGMD HASTASI OLAN BA\u015eKA AI\u0307LE \u00dcYELERI\u0307NI\u0307Z VAR MI?<\/strong>: Hay\u0131r<\/p>\n<p><strong>LGMD I\u0307LE YA\u015eARKEN KAR\u015eILA\u015eTI\u011eINIZ EN B\u00dcY\u00dcK ZORLUKLARIN NELER OLDU\u011eUNU D\u00dc\u015e\u00dcN\u00dcYORSUNUZ?<\/strong>:<br \/>\nLGMD ile ya\u015faman\u0131n en b\u00fcy\u00fck zorlu\u011funun insanlar\u0131n bunu anlamakta zorlanmas\u0131 oldu\u011funu d\u00fc\u015f\u00fcn\u00fcyorum. LGMD'yi birine tarif etmek kolay de\u011fil. Bir\u00e7ok insan bu hastal\u0131\u011fa sahip oldu\u011fum konusunda abartt\u0131\u011f\u0131m\u0131, hatta yalan s\u00f6yledi\u011fimi d\u00fc\u015f\u00fcn\u00fcyor.   Hastal\u0131\u011fa ek olarak, eri\u015filebilirlik eksikli\u011fini ve engelli insanlara y\u00f6nelik sosyal tutumlar\u0131 \u00e7ok s\u0131n\u0131rlay\u0131c\u0131 buluyorum. Ke\u015fke insanlar bu hastal\u0131klar hakk\u0131nda bilgi edinmeye ve bu hastal\u0131ktan nas\u0131l kurtulacaklar\u0131n\u0131 anlamaya daha a\u00e7\u0131k olsalar.<\/p>\n<p><strong>EN B\u00dcY\u00dcK BA\u015eARINIZ NEDIR<\/strong>:<br \/>\nEn b\u00fcy\u00fck ba\u015far\u0131m, kendi yolumda \u00e7al\u0131\u015fmay\u0131 ve \u00e7al\u0131\u015fmaya devam etmeyi ba\u015farmakt\u0131r.<\/p>\n<p><strong>LGMD BUG\u00dcN OLDU\u011eUNUZ KI\u0307\u015eI\u0307YE D\u00d6N\u00dc\u015eMENI\u0307ZDE SI\u0307ZI\u0307 NASIL ETKI\u0307LEDI\u0307?<\/strong>:<br \/>\nBana yard\u0131m eden insanlar\u0131n k\u0131ymetini bilmeyi, sab\u0131rl\u0131 olmay\u0131, umutlu olmay\u0131 ve depresyona girmemeyi, her \u015fey i\u00e7in \u015f\u00fckretmeyi, benimle ayn\u0131 durumda olmayan ve zor durumda olan insanlar\u0131 anlamay\u0131, sahip olduklar\u0131m\u0131n de\u011ferini bilmeyi ve tasarruflu olmay\u0131, aileme her g\u00fcn son g\u00fcnm\u00fc\u015f gibi daha fazla sevgi vermeyi \u00f6\u011frendim. Sab\u0131rl\u0131 olmay\u0131 ve herkesin bir yard\u0131m eline ihtiyac\u0131 oldu\u011fu ger\u00e7e\u011fini kabul etmeyi \u00f6\u011frendim!<\/p>\n<p><strong>D\u00dcNYANIN LGMD HAKKINDA NE BI\u0307LMESI\u0307NI\u0307 I\u0307STI\u0307YORSUNUZ<\/strong>:<br \/>\n\u00c7o\u011fu t\u0131p profesyoneli bu durumun fark\u0131nda olmasa bile, bunun fark\u0131nda olmal\u0131 ve hastalara nas\u0131l g\u00fcvenli ve hayata kar\u015f\u0131 meydan okuyucu olacaklar\u0131n\u0131 \u00f6\u011fretmelidirler.<\/p>\n<p><strong>LGMD HASTALI\u011eINIZ YARIN \"TEDAVI\u0307\" EDI\u0307LEBI\u0307LECEK OLSA, YAPMAK I\u0307STEYECE\u011eI\u0307NI\u0307Z I\u0307LK \u015eEY NE OLURDU<\/strong>:<br \/>\n\u00d6ncelikle bana yard\u0131mc\u0131 olan her bir doktoru \u015fahsen tebrik etmek istiyorum. As\u0131l \u00f6nemli olan, bu hastal\u0131k hakk\u0131nda bir blog a\u00e7mak istiyorum ve hastalara hastal\u0131\u011f\u0131n \u00fcstesinden nas\u0131l gelecekleri konusunda rehberlik edip destek olaca\u011f\u0131m. Bu hastal\u0131kla nas\u0131l ac\u0131 \u00e7ekti\u011fimi biliyorum. Ba\u015fkalar\u0131n\u0131n tekrar ac\u0131 \u00e7ekmesine f\u0131rsat vermeyece\u011fim.<\/p>","protected":false},"excerpt":{"rendered":"<p>07\/06\/2015:\u00a0 NAME: Ramesh \u00a0AGE: 28 yrs. old COUNTRY: India LGMD [&hellip;]<\/p>","protected":false},"author":1,"featured_media":946,"comment_status":"closed","ping_status":"closed","sticky":false,"template":"","format":"standard","meta":{"_acf_changed":false,"footnotes":""},"categories":[13,22],"tags":[21,30,23],"class_list":["post-945","post","type-post","status-publish","format-standard","has-post-thumbnail","hentry","category-individuals-with-lgmd-interviews","category-lgmd2b","tag-dysferlinopathy","tag-india","tag-lgmd2b"],"acf":[],"yoast_head":"<!-- This site is optimized with the Yoast SEO plugin v23.9 - https:\/\/yoast.com\/wordpress\/plugins\/seo\/ -->\n<title>LGMD Spotlight Interview - Ramesh<\/title>\n<meta name=\"description\" content=\"Ramesh who is diagnosed with Limb Girdle Muscular Dystrophy (LGMD), shares his experience in living with this progressive neuro-muscular disease.\" \/>\n<meta name=\"robots\" content=\"index, follow, max-snippet:-1, max-image-preview:large, max-video-preview:-1\" \/>\n<link rel=\"canonical\" href=\"https:\/\/www.lgmd-info.org\/tr\/individuals-with-lgmd-interviews\/2015\/07\/06\/ramesh\/\" \/>\n<meta property=\"og:locale\" content=\"tr_TR\" \/>\n<meta property=\"og:type\" content=\"article\" \/>\n<meta property=\"og:title\" content=\"LGMD Spotlight Interview - Ramesh\" \/>\n<meta property=\"og:description\" content=\"Ramesh who is diagnosed with Limb Girdle Muscular Dystrophy (LGMD), shares his experience in living with this progressive neuro-muscular disease.\" \/>\n<meta property=\"og:url\" content=\"https:\/\/www.lgmd-info.org\/tr\/individuals-with-lgmd-interviews\/2015\/07\/06\/ramesh\/\" \/>\n<meta property=\"og:site_name\" content=\"LGMD Awareness Foundation\" \/>\n<meta property=\"article:publisher\" content=\"https:\/\/www.facebook.com\/LGMDawareness\/\" \/>\n<meta property=\"article:published_time\" content=\"2015-07-06T15:35:46+00:00\" \/>\n<meta property=\"og:image\" content=\"https:\/\/www.lgmd-info.org\/wp-content\/uploads\/2021\/06\/LGMD-Logo_1200X630.png\" \/>\n\t<meta property=\"og:image:width\" content=\"1200\" \/>\n\t<meta property=\"og:image:height\" content=\"630\" \/>\n\t<meta property=\"og:image:type\" content=\"image\/png\" \/>\n<meta name=\"author\" content=\"dooley\" \/>\n<meta name=\"twitter:card\" content=\"summary_large_image\" \/>\n<meta name=\"twitter:creator\" content=\"@LgmdAwareness\" \/>\n<meta name=\"twitter:site\" content=\"@LgmdAwareness\" \/>\n<meta name=\"twitter:label1\" content=\"Written by\" \/>\n\t<meta name=\"twitter:data1\" content=\"dooley\" \/>\n\t<meta name=\"twitter:label2\" content=\"Est. reading time\" \/>\n\t<meta name=\"twitter:data2\" content=\"2 minutes\" \/>\n<script type=\"application\/ld+json\" class=\"yoast-schema-graph\">{\"@context\":\"https:\/\/schema.org\",\"@graph\":[{\"@type\":\"Article\",\"@id\":\"https:\/\/www.lgmd-info.org\/tr\/individuals-with-lgmd-interviews\/2015\/07\/06\/ramesh\/#article\",\"isPartOf\":{\"@id\":\"https:\/\/www.lgmd-info.org\/tr\/individuals-with-lgmd-interviews\/2015\/07\/06\/ramesh\/\"},\"author\":{\"name\":\"dooley\",\"@id\":\"https:\/\/www.lgmd-info.org\/de\/#\/schema\/person\/007755074875959ad5503c1c969678c7\"},\"headline\":\"INDIVIDUAL WITH LGMD: Ramesh\",\"datePublished\":\"2015-07-06T15:35:46+00:00\",\"dateModified\":\"2015-07-06T15:35:46+00:00\",\"mainEntityOfPage\":{\"@id\":\"https:\/\/www.lgmd-info.org\/tr\/individuals-with-lgmd-interviews\/2015\/07\/06\/ramesh\/\"},\"wordCount\":458,\"publisher\":{\"@id\":\"https:\/\/www.lgmd-info.org\/de\/#organization\"},\"image\":{\"@id\":\"https:\/\/www.lgmd-info.org\/tr\/individuals-with-lgmd-interviews\/2015\/07\/06\/ramesh\/#primaryimage\"},\"thumbnailUrl\":\"\",\"keywords\":[\"Dysferlinopathy\",\"India\",\"LGMD2B\"],\"articleSection\":[\"Individuals with LGMD - Interviews\",\"LGMD2B\"],\"inLanguage\":\"tr-TR\"},{\"@type\":\"WebPage\",\"@id\":\"https:\/\/www.lgmd-info.org\/tr\/individuals-with-lgmd-interviews\/2015\/07\/06\/ramesh\/\",\"url\":\"https:\/\/www.lgmd-info.org\/tr\/individuals-with-lgmd-interviews\/2015\/07\/06\/ramesh\/\",\"name\":\"LGMD Spotlight Interview - Ramesh\",\"isPartOf\":{\"@id\":\"https:\/\/www.lgmd-info.org\/de\/#website\"},\"primaryImageOfPage\":{\"@id\":\"https:\/\/www.lgmd-info.org\/tr\/individuals-with-lgmd-interviews\/2015\/07\/06\/ramesh\/#primaryimage\"},\"image\":{\"@id\":\"https:\/\/www.lgmd-info.org\/tr\/individuals-with-lgmd-interviews\/2015\/07\/06\/ramesh\/#primaryimage\"},\"thumbnailUrl\":\"\",\"datePublished\":\"2015-07-06T15:35:46+00:00\",\"dateModified\":\"2015-07-06T15:35:46+00:00\",\"description\":\"Ramesh who is diagnosed with Limb Girdle Muscular Dystrophy (LGMD), shares his experience in living with this progressive neuro-muscular disease.\",\"breadcrumb\":{\"@id\":\"https:\/\/www.lgmd-info.org\/tr\/individuals-with-lgmd-interviews\/2015\/07\/06\/ramesh\/#breadcrumb\"},\"inLanguage\":\"tr-TR\",\"potentialAction\":[{\"@type\":\"ReadAction\",\"target\":[\"https:\/\/www.lgmd-info.org\/tr\/individuals-with-lgmd-interviews\/2015\/07\/06\/ramesh\/\"]}]},{\"@type\":\"ImageObject\",\"inLanguage\":\"tr-TR\",\"@id\":\"https:\/\/www.lgmd-info.org\/tr\/individuals-with-lgmd-interviews\/2015\/07\/06\/ramesh\/#primaryimage\",\"url\":\"\",\"contentUrl\":\"\"},{\"@type\":\"BreadcrumbList\",\"@id\":\"https:\/\/www.lgmd-info.org\/tr\/individuals-with-lgmd-interviews\/2015\/07\/06\/ramesh\/#breadcrumb\",\"itemListElement\":[{\"@type\":\"ListItem\",\"position\":1,\"name\":\"Home\",\"item\":\"https:\/\/www.lgmd-info.org\/de\/\"},{\"@type\":\"ListItem\",\"position\":2,\"name\":\"INDIVIDUAL WITH LGMD: Ramesh\"}]},{\"@type\":\"WebSite\",\"@id\":\"https:\/\/www.lgmd-info.org\/de\/#website\",\"url\":\"https:\/\/www.lgmd-info.org\/de\/\",\"name\":\"LGMD Awareness Foundation\",\"description\":\"Information Hub for the LGMD community\",\"publisher\":{\"@id\":\"https:\/\/www.lgmd-info.org\/de\/#organization\"},\"potentialAction\":[{\"@type\":\"SearchAction\",\"target\":{\"@type\":\"EntryPoint\",\"urlTemplate\":\"https:\/\/www.lgmd-info.org\/de\/?s={search_term_string}\"},\"query-input\":{\"@type\":\"PropertyValueSpecification\",\"valueRequired\":true,\"valueName\":\"search_term_string\"}}],\"inLanguage\":\"tr-TR\"},{\"@type\":\"Organization\",\"@id\":\"https:\/\/www.lgmd-info.org\/de\/#organization\",\"name\":\"LGMD Awareness Foundation, Inc.\",\"url\":\"https:\/\/www.lgmd-info.org\/de\/\",\"logo\":{\"@type\":\"ImageObject\",\"inLanguage\":\"tr-TR\",\"@id\":\"https:\/\/www.lgmd-info.org\/de\/#\/schema\/logo\/image\/\",\"url\":\"https:\/\/lgmd-info.org\/wp-content\/uploads\/2021\/02\/LGMD_Logo.png\",\"contentUrl\":\"https:\/\/lgmd-info.org\/wp-content\/uploads\/2021\/02\/LGMD_Logo.png\",\"width\":208,\"height\":61,\"caption\":\"LGMD Awareness Foundation, Inc.\"},\"image\":{\"@id\":\"https:\/\/www.lgmd-info.org\/de\/#\/schema\/logo\/image\/\"},\"sameAs\":[\"https:\/\/www.facebook.com\/LGMDawareness\/\",\"https:\/\/x.com\/LgmdAwareness\",\"https:\/\/www.instagram.com\/lgmdawareness\/\"]},{\"@type\":\"Person\",\"@id\":\"https:\/\/www.lgmd-info.org\/de\/#\/schema\/person\/007755074875959ad5503c1c969678c7\",\"name\":\"dooley\",\"image\":{\"@type\":\"ImageObject\",\"inLanguage\":\"tr-TR\",\"@id\":\"https:\/\/www.lgmd-info.org\/de\/#\/schema\/person\/image\/\",\"url\":\"https:\/\/secure.gravatar.com\/avatar\/c87b3b784fd4c1975884b6c3eab282b5?s=96&d=mm&r=g\",\"contentUrl\":\"https:\/\/secure.gravatar.com\/avatar\/c87b3b784fd4c1975884b6c3eab282b5?s=96&d=mm&r=g\",\"caption\":\"dooley\"},\"sameAs\":[\"https:\/\/live-lgmd-2021.pantheonsite.io\"]}]}<\/script>\n<!-- \/ Yoast SEO plugin. -->","yoast_head_json":{"title":"LGMD Spotlight Interview - Ramesh","description":"Ramesh who is diagnosed with Limb Girdle Muscular Dystrophy (LGMD), shares his experience in living with this progressive neuro-muscular disease.","robots":{"index":"index","follow":"follow","max-snippet":"max-snippet:-1","max-image-preview":"max-image-preview:large","max-video-preview":"max-video-preview:-1"},"canonical":"https:\/\/www.lgmd-info.org\/tr\/individuals-with-lgmd-interviews\/2015\/07\/06\/ramesh\/","og_locale":"tr_TR","og_type":"article","og_title":"LGMD Spotlight Interview - Ramesh","og_description":"Ramesh who is diagnosed with Limb Girdle Muscular Dystrophy (LGMD), shares his experience in living with this progressive neuro-muscular disease.","og_url":"https:\/\/www.lgmd-info.org\/tr\/individuals-with-lgmd-interviews\/2015\/07\/06\/ramesh\/","og_site_name":"LGMD Awareness Foundation","article_publisher":"https:\/\/www.facebook.com\/LGMDawareness\/","article_published_time":"2015-07-06T15:35:46+00:00","og_image":[{"width":1200,"height":630,"url":"https:\/\/www.lgmd-info.org\/wp-content\/uploads\/2021\/06\/LGMD-Logo_1200X630.png","type":"image\/png"}],"author":"dooley","twitter_card":"summary_large_image","twitter_creator":"@LgmdAwareness","twitter_site":"@LgmdAwareness","twitter_misc":{"Written by":"dooley","Est. reading time":"2 minutes"},"schema":{"@context":"https:\/\/schema.org","@graph":[{"@type":"Article","@id":"https:\/\/www.lgmd-info.org\/tr\/individuals-with-lgmd-interviews\/2015\/07\/06\/ramesh\/#article","isPartOf":{"@id":"https:\/\/www.lgmd-info.org\/tr\/individuals-with-lgmd-interviews\/2015\/07\/06\/ramesh\/"},"author":{"name":"dooley","@id":"https:\/\/www.lgmd-info.org\/de\/#\/schema\/person\/007755074875959ad5503c1c969678c7"},"headline":"INDIVIDUAL WITH LGMD: Ramesh","datePublished":"2015-07-06T15:35:46+00:00","dateModified":"2015-07-06T15:35:46+00:00","mainEntityOfPage":{"@id":"https:\/\/www.lgmd-info.org\/tr\/individuals-with-lgmd-interviews\/2015\/07\/06\/ramesh\/"},"wordCount":458,"publisher":{"@id":"https:\/\/www.lgmd-info.org\/de\/#organization"},"image":{"@id":"https:\/\/www.lgmd-info.org\/tr\/individuals-with-lgmd-interviews\/2015\/07\/06\/ramesh\/#primaryimage"},"thumbnailUrl":"","keywords":["Dysferlinopathy","India","LGMD2B"],"articleSection":["Individuals with LGMD - Interviews","LGMD2B"],"inLanguage":"tr-TR"},{"@type":"WebPage","@id":"https:\/\/www.lgmd-info.org\/tr\/individuals-with-lgmd-interviews\/2015\/07\/06\/ramesh\/","url":"https:\/\/www.lgmd-info.org\/tr\/individuals-with-lgmd-interviews\/2015\/07\/06\/ramesh\/","name":"LGMD Spotlight Interview - Ramesh","isPartOf":{"@id":"https:\/\/www.lgmd-info.org\/de\/#website"},"primaryImageOfPage":{"@id":"https:\/\/www.lgmd-info.org\/tr\/individuals-with-lgmd-interviews\/2015\/07\/06\/ramesh\/#primaryimage"},"image":{"@id":"https:\/\/www.lgmd-info.org\/tr\/individuals-with-lgmd-interviews\/2015\/07\/06\/ramesh\/#primaryimage"},"thumbnailUrl":"","datePublished":"2015-07-06T15:35:46+00:00","dateModified":"2015-07-06T15:35:46+00:00","description":"Ramesh who is diagnosed with Limb Girdle Muscular Dystrophy (LGMD), shares his experience in living with this progressive neuro-muscular disease.","breadcrumb":{"@id":"https:\/\/www.lgmd-info.org\/tr\/individuals-with-lgmd-interviews\/2015\/07\/06\/ramesh\/#breadcrumb"},"inLanguage":"tr-TR","potentialAction":[{"@type":"ReadAction","target":["https:\/\/www.lgmd-info.org\/tr\/individuals-with-lgmd-interviews\/2015\/07\/06\/ramesh\/"]}]},{"@type":"ImageObject","inLanguage":"tr-TR","@id":"https:\/\/www.lgmd-info.org\/tr\/individuals-with-lgmd-interviews\/2015\/07\/06\/ramesh\/#primaryimage","url":"","contentUrl":""},{"@type":"BreadcrumbList","@id":"https:\/\/www.lgmd-info.org\/tr\/individuals-with-lgmd-interviews\/2015\/07\/06\/ramesh\/#breadcrumb","itemListElement":[{"@type":"ListItem","position":1,"name":"Home","item":"https:\/\/www.lgmd-info.org\/de\/"},{"@type":"ListItem","position":2,"name":"INDIVIDUAL WITH LGMD: Ramesh"}]},{"@type":"WebSite","@id":"https:\/\/www.lgmd-info.org\/de\/#website","url":"https:\/\/www.lgmd-info.org\/de\/","name":"LGMD Awareness Foundation","description":"Information Hub for the LGMD community","publisher":{"@id":"https:\/\/www.lgmd-info.org\/de\/#organization"},"potentialAction":[{"@type":"SearchAction","target":{"@type":"EntryPoint","urlTemplate":"https:\/\/www.lgmd-info.org\/de\/?s={search_term_string}"},"query-input":{"@type":"PropertyValueSpecification","valueRequired":true,"valueName":"search_term_string"}}],"inLanguage":"tr-TR"},{"@type":"Organization","@id":"https:\/\/www.lgmd-info.org\/de\/#organization","name":"LGMD Awareness Foundation, Inc.","url":"https:\/\/www.lgmd-info.org\/de\/","logo":{"@type":"ImageObject","inLanguage":"tr-TR","@id":"https:\/\/www.lgmd-info.org\/de\/#\/schema\/logo\/image\/","url":"https:\/\/lgmd-info.org\/wp-content\/uploads\/2021\/02\/LGMD_Logo.png","contentUrl":"https:\/\/lgmd-info.org\/wp-content\/uploads\/2021\/02\/LGMD_Logo.png","width":208,"height":61,"caption":"LGMD Awareness Foundation, Inc."},"image":{"@id":"https:\/\/www.lgmd-info.org\/de\/#\/schema\/logo\/image\/"},"sameAs":["https:\/\/www.facebook.com\/LGMDawareness\/","https:\/\/x.com\/LgmdAwareness","https:\/\/www.instagram.com\/lgmdawareness\/"]},{"@type":"Person","@id":"https:\/\/www.lgmd-info.org\/de\/#\/schema\/person\/007755074875959ad5503c1c969678c7","name":"dooley","image":{"@type":"ImageObject","inLanguage":"tr-TR","@id":"https:\/\/www.lgmd-info.org\/de\/#\/schema\/person\/image\/","url":"https:\/\/secure.gravatar.com\/avatar\/c87b3b784fd4c1975884b6c3eab282b5?s=96&d=mm&r=g","contentUrl":"https:\/\/secure.gravatar.com\/avatar\/c87b3b784fd4c1975884b6c3eab282b5?s=96&d=mm&r=g","caption":"dooley"},"sameAs":["https:\/\/live-lgmd-2021.pantheonsite.io"]}]}},"_links":{"self":[{"href":"https:\/\/www.lgmd-info.org\/tr\/wp-json\/wp\/v2\/posts\/945","targetHints":{"allow":["GET"]}}],"collection":[{"href":"https:\/\/www.lgmd-info.org\/tr\/wp-json\/wp\/v2\/posts"}],"about":[{"href":"https:\/\/www.lgmd-info.org\/tr\/wp-json\/wp\/v2\/types\/post"}],"author":[{"embeddable":true,"href":"https:\/\/www.lgmd-info.org\/tr\/wp-json\/wp\/v2\/users\/1"}],"replies":[{"embeddable":true,"href":"https:\/\/www.lgmd-info.org\/tr\/wp-json\/wp\/v2\/comments?post=945"}],"version-history":[{"count":0,"href":"https:\/\/www.lgmd-info.org\/tr\/wp-json\/wp\/v2\/posts\/945\/revisions"}],"wp:featuredmedia":[{"embeddable":true,"href":"https:\/\/www.lgmd-info.org\/tr\/wp-json\/"}],"wp:attachment":[{"href":"https:\/\/www.lgmd-info.org\/tr\/wp-json\/wp\/v2\/media?parent=945"}],"wp:term":[{"taxonomy":"category","embeddable":true,"href":"https:\/\/www.lgmd-info.org\/tr\/wp-json\/wp\/v2\/categories?post=945"},{"taxonomy":"post_tag","embeddable":true,"href":"https:\/\/www.lgmd-info.org\/tr\/wp-json\/wp\/v2\/tags?post=945"}],"curies":[{"name":"wp","href":"https:\/\/api.w.org\/{rel}","templated":true}]}}